{"id":1644,"date":"2023-10-11T14:08:45","date_gmt":"2023-10-11T14:08:45","guid":{"rendered":"https:\/\/atriium.com.br\/blog\/?p=1644"},"modified":"2023-10-11T14:15:06","modified_gmt":"2023-10-11T14:15:06","slug":"a-jornada-da-despedida","status":"publish","type":"post","link":"https:\/\/atriium.com.br\/blog\/a-jornada-da-despedida\/","title":{"rendered":"A Jornada da Despedida"},"content":{"rendered":"\n<p>A vida \u00e9 uma jornada repleta de momentos felizes, desafios e encontros especiais. No entanto, tamb\u00e9m \u00e9 uma jornada que, invariavelmente, nos leva \u00e0 experi\u00eancia da perda. A perda de entes queridos \u00e9 uma parte inevit\u00e1vel da condi\u00e7\u00e3o humana e \u00e9 uma das experi\u00eancias mais dif\u00edceis que algu\u00e9m pode enfrentar. Neste artigo, vamos explorar a jornada da despedida &#8211; um caminho emocional complexo e desafiador que todos n\u00f3s, em algum momento, devemos percorrer.<\/p>\n\n\n\n<h2 class=\"wp-block-heading\">O Come\u00e7o da Jornada<\/h2>\n\n\n\n<p>A jornada da despedida geralmente come\u00e7a com a not\u00edcia de que um ente querido est\u00e1 enfrentando uma doen\u00e7a grave ou, em alguns casos, com a not\u00edcia repentina e chocante de sua morte. Nesse ponto, as emo\u00e7\u00f5es s\u00e3o intensas e frequentemente esmagadoras. A nega\u00e7\u00e3o, a raiva, a tristeza e a confus\u00e3o podem se entrela\u00e7ar, criando um turbilh\u00e3o emocional que \u00e9 dif\u00edcil de controlar.<\/p>\n\n\n\n<h2 class=\"wp-block-heading\">A Aceita\u00e7\u00e3o<\/h2>\n\n\n\n<p>Com o tempo, a nega\u00e7\u00e3o come\u00e7a a se dissipar, e a realidade da perda se estabelece. A aceita\u00e7\u00e3o \u00e9 um processo gradual, e \u00e9 nesse est\u00e1gio que as pessoas come\u00e7am a compreender a magnitude da perda. \u00c9 um momento de profunda tristeza, mas tamb\u00e9m de reconhecimento. Aceitar a perda \u00e9 o primeiro passo em dire\u00e7\u00e3o \u00e0 cura.<\/p>\n\n\n\n<h2 class=\"wp-block-heading\">O Luto e a Express\u00e3o Emocional<\/h2>\n\n\n\n<p>O luto \u00e9 um componente essencial da jornada da despedida. Cada pessoa vivencia o luto de maneira \u00fanica, mas \u00e9 uma fase crucial para processar as emo\u00e7\u00f5es e encontrar maneiras saud\u00e1veis de express\u00e1-las. Isso pode envolver conversas com amigos e familiares, terapia, ou a busca de grupos de apoio. A arte, a m\u00fasica e a escrita tamb\u00e9m podem ser ferramentas poderosas para expressar o que est\u00e1 em seu cora\u00e7\u00e3o.<\/p>\n\n\n\n<h2 class=\"wp-block-heading\">O Apoio da Comunidade<\/h2>\n\n\n\n<p>A jornada da despedida raramente \u00e9 percorrida sozinha. Amigos e familiares desempenham um papel vital na oferta de apoio emocional durante esse per\u00edodo. \u00c9 essencial criar um ambiente de compreens\u00e3o, onde as pessoas em luto se sintam \u00e0 vontade para compartilhar suas emo\u00e7\u00f5es e lembran\u00e7as.<\/p>\n\n\n\n<h2 class=\"wp-block-heading\">Lembran\u00e7as e Homenagens<\/h2>\n\n\n\n<p>Uma parte importante da jornada da despedida \u00e9 encontrar maneiras de homenagear e lembrar o ente querido perdido. Isso pode envolver cerim\u00f4nias de despedida, criar um memorial, ou at\u00e9 mesmo envolver-se em obras de caridade ou a\u00e7\u00f5es altru\u00edstas em mem\u00f3ria daquele que se foi.<\/p>\n\n\n\n<h2 class=\"wp-block-heading\">Encontrando a Esperan\u00e7a e o Novo Normal<\/h2>\n\n\n\n<p>Ao longo da jornada da despedida, as pessoas gradualmente come\u00e7am a encontrar a esperan\u00e7a e a reconstruir suas vidas. O &#8220;novo normal&#8221; come\u00e7a a se formar, onde a mem\u00f3ria do ente querido vive em seus cora\u00e7\u00f5es, mas tamb\u00e9m permite que eles sigam adiante. \u00c9 um processo que exige tempo, paci\u00eancia e autocompaix\u00e3o.<\/p>\n\n\n\n<p>A jornada da despedida \u00e9 uma viagem \u00fanica e profundamente pessoal, que \u00e9 frequentemente pontuada por desafios emocionais. \u00c9 importante lembrar que n\u00e3o h\u00e1 um &#8220;caminho certo&#8221; para percorrer essa jornada, e cada um de n\u00f3s a percorrer\u00e1 de maneira \u00fanica. \u00c0 medida que enfrentamos a perda, a jornada da despedida nos ensina sobre resili\u00eancia, amor e a for\u00e7a da conex\u00e3o humana.<\/p>\n\n\n\n<p>Embora a perda seja inegavelmente dolorosa, tamb\u00e9m nos permite apreciar a preciosidade da vida e do amor que compartilhamos com os que partem. \u00c0 medida que navegamos pelos mares da perda e do luto, podemos encontrar esperan\u00e7a e significado, transformando essa jornada em uma oportunidade de crescimento pessoal e amor inquebr\u00e1vel.<\/p>\n","protected":false},"excerpt":{"rendered":"<p>A vida \u00e9 uma jornada repleta de momentos felizes, desafios e encontros especiais. No entanto, tamb\u00e9m \u00e9 uma jornada que, invariavelmente, nos leva \u00e0 experi\u00eancia da perda. A perda de entes queridos \u00e9 uma parte inevit\u00e1vel da condi\u00e7\u00e3o humana e \u00e9 uma das experi\u00eancias mais dif\u00edceis que algu\u00e9m pode enfrentar. Neste artigo, vamos explorar a [&hellip;]<\/p>\n","protected":false},"author":1,"featured_media":1645,"comment_status":"open","ping_status":"open","sticky":false,"template":"","format":"standard","meta":{"footnotes":""},"categories":[7],"tags":[],"class_list":["post-1644","post","type-post","status-publish","format-standard","has-post-thumbnail","hentry","category-dicas","entry","has-media"],"_links":{"self":[{"href":"https:\/\/atriium.com.br\/blog\/wp-json\/wp\/v2\/posts\/1644","targetHints":{"allow":["GET"]}}],"collection":[{"href":"https:\/\/atriium.com.br\/blog\/wp-json\/wp\/v2\/posts"}],"about":[{"href":"https:\/\/atriium.com.br\/blog\/wp-json\/wp\/v2\/types\/post"}],"author":[{"embeddable":true,"href":"https:\/\/atriium.com.br\/blog\/wp-json\/wp\/v2\/users\/1"}],"replies":[{"embeddable":true,"href":"https:\/\/atriium.com.br\/blog\/wp-json\/wp\/v2\/comments?post=1644"}],"version-history":[{"count":1,"href":"https:\/\/atriium.com.br\/blog\/wp-json\/wp\/v2\/posts\/1644\/revisions"}],"predecessor-version":[{"id":1647,"href":"https:\/\/atriium.com.br\/blog\/wp-json\/wp\/v2\/posts\/1644\/revisions\/1647"}],"wp:featuredmedia":[{"embeddable":true,"href":"https:\/\/atriium.com.br\/blog\/wp-json\/wp\/v2\/media\/1645"}],"wp:attachment":[{"href":"https:\/\/atriium.com.br\/blog\/wp-json\/wp\/v2\/media?parent=1644"}],"wp:term":[{"taxonomy":"category","embeddable":true,"href":"https:\/\/atriium.com.br\/blog\/wp-json\/wp\/v2\/categories?post=1644"},{"taxonomy":"post_tag","embeddable":true,"href":"https:\/\/atriium.com.br\/blog\/wp-json\/wp\/v2\/tags?post=1644"}],"curies":[{"name":"wp","href":"https:\/\/api.w.org\/{rel}","templated":true}]}}